{"id":7558,"date":"2026-07-02T09:36:22","date_gmt":"2026-07-02T07:36:22","guid":{"rendered":"https:\/\/www.deschacht.eu\/?p=7558"},"modified":"2026-09-04T14:26:54","modified_gmt":"2026-09-04T12:26:54","slug":"deschacht-ouvre-son-12eme-etablissement-a-marche-en-famenne","status":"publish","type":"post","link":"https:\/\/www.deschacht.eu\/fr\/nieuws\/deschacht-opent-zijn-12e-vestiging-in-marche-en-famenne\/","title":{"rendered":"Deschacht ouvre sa 12e filiale \u00e0 Marche-en-Famenne"},"content":{"rendered":"<h3 class=\"wp-block-heading\">D\u00e8s le 3 ao\u00fbt, les entrepreneurs, couvreurs et professionnels de la construction de la r\u00e9gion pourront d\u00e9couvrir un nouveau point de vente de proximit\u00e9, pens\u00e9 comme un v\u00e9ritable \u00ab one-stop shop \u00bb pour leurs chantiers.<\/h3>\n\n\n\n<figure class=\"wp-block-image size-full\"><img fetchpriority=\"high\" decoding=\"async\" width=\"700\" height=\"260\" src=\"https:\/\/www.deschacht.eu\/wp-content\/uploads\/2026\/08\/img_marche_ws.jpg\" alt=\"\" class=\"wp-image-7559\" srcset=\"https:\/\/www.deschacht.eu\/wp-content\/uploads\/2026\/08\/img_marche_ws.jpg 933w, https:\/\/www.deschacht.eu\/wp-content\/uploads\/2026\/08\/img_marche_ws-300x112.jpg 300w, https:\/\/www.deschacht.eu\/wp-content\/uploads\/2026\/08\/img_marche_ws-768x286.jpg 768w, https:\/\/www.deschacht.eu\/wp-content\/uploads\/2026\/08\/img_marche_ws-18x7.jpg 18w\" sizes=\"(max-width: 700px) 100vw, 700px\" \/><\/figure>\n\n\n\n<p class=\"has-text-align-left wp-block-paragraph\">Situ\u00e9e Rue de l\u2019Innovation 15 dans le zoning de Aye, la nouvelle filiale propose une large gamme de solutions pour l\u2019\u00e9gouttage, la gestion de l\u2019eau, la fa\u00e7ade, la toiture, l\u2019isolation et l\u2019am\u00e9nagement ext\u00e9rieur, ainsi qu\u2019un accompagnement technique personnalis\u00e9.<\/p>\n\n\n\n<p class=\"wp-block-paragraph\">Avec plus de 20.000 r\u00e9f\u00e9rences en stock \u00e0 l\u2019\u00e9chelle nationale, Deschacht promet une disponibilit\u00e9 optimale des produits et un service r\u00e9actif pour les professionnels du terrain.<\/p>\n\n\n\n<p class=\"has-text-align-left wp-block-paragraph\">En combinant proximit\u00e9 locale, couverture nationale et puissance logistique, Deschacht confirme sa volont\u00e9 d\u2019\u00eatre un partenaire de confiance pour les professionnels et leurs projets de chantier.<\/p>\n\n\n\n<div style=\"height:25px\" aria-hidden=\"true\" class=\"wp-block-spacer\"><\/div>\n\n\n\n<h3 class=\"wp-block-heading\">Passez nous voir et recevez un cadeau pour votre chantier<\/h3>\n\n\n\n<div class=\"wp-block-group is-nowrap is-layout-flex wp-container-core-group-is-layout-7387b849 wp-block-group-is-layout-flex\">\n<p class=\"wp-block-paragraph\">\u00c0 l\u2019occasion de l\u2019ouverture, les visiteurs recevront un seau de construction Deschacht*, un clin d\u2019\u0153il pratique au quotidien des professionnels du b\u00e2timent.<\/p>\n\n\n\n<figure class=\"wp-block-image size-full\"><img decoding=\"async\" width=\"600\" height=\"503\" src=\"https:\/\/www.deschacht.eu\/wp-content\/uploads\/2026\/07\/seau_Marche-1.png\" alt=\"\" class=\"wp-image-7560\" srcset=\"https:\/\/www.deschacht.eu\/wp-content\/uploads\/2026\/07\/seau_Marche-1.png 600w, https:\/\/www.deschacht.eu\/wp-content\/uploads\/2026\/07\/seau_Marche-1-300x252.png 300w\" sizes=\"(max-width: 600px) 100vw, 600px\" \/><\/figure>\n<\/div>\n\n\n\n<p class=\"wp-block-paragraph\">* Jusqu\u2019\u00e0 \u00e9puisement des stocks.<\/p>\n\n\n\n<div style=\"height:25px\" aria-hidden=\"true\" class=\"wp-block-spacer\"><\/div>\n\n\n\n<h2 class=\"wp-block-heading\">Infos pratiques<\/h2>\n\n\n\n<div class=\"wp-block-columns is-layout-flex wp-container-core-columns-is-layout-7387b849 wp-block-columns-is-layout-flex\">\n<div class=\"wp-block-column is-layout-flow wp-block-column-is-layout-flow\" style=\"flex-basis:100%\">\n<p class=\"wp-block-paragraph\">\ud83d\udccd Rue de l\u2019innovation 15 \u2013 6900 Marche-en-Famenne<\/p>\n\n\n\n<p class=\"wp-block-paragraph\">\ud83d\udcde <a href=\"tel:003284620510\">084 62 05 10<\/a><\/p>\n\n\n\n<p class=\"wp-block-paragraph\">\u2709\ufe0f <a href=\"mailto:marche@deschacht.eu\">marche@deschacht.eu<\/a><\/p>\n\n\n\n<p class=\"wp-block-paragraph\">\ud83d\udd52 Ouvert du lundi au vendredi, de 7h00 \u00e0 12h00 et de 13h00 \u00e0 17h30.<\/p>\n<\/div>\n<\/div>\n\n\n\n<p class=\"wp-block-paragraph\"><\/p>","protected":false},"excerpt":{"rendered":"<p>Rendez-nous visite au nouveau shop de Deschacht \u00e0 Marche-en-Famenne et recevez un seau de construction pour votre chantier.<\/p>","protected":false},"author":3,"featured_media":7564,"comment_status":"open","ping_status":"open","sticky":false,"template":"","format":"standard","meta":{"_acf_changed":false,"footnotes":""},"categories":[11],"tags":[],"class_list":["post-7558","post","type-post","status-publish","format-standard","has-post-thumbnail","hentry","category-nieuws"],"acf":[],"yoast_head":"<!-- This site is optimized with the Yoast SEO plugin v28.4 - https:\/\/yoast.com\/product\/yoast-seo-wordpress\/ -->\n<title>Deschacht opent 12e vestiging in Marche-en-Famenne<\/title>\n<meta name=\"description\" content=\"Deschacht opent zijn twaalfde vestiging in Marche-en-Famenne. Ontdek het nieuwe filiaal.\" \/>\n<meta name=\"robots\" content=\"index, follow, max-snippet:-1, max-image-preview:large, max-video-preview:-1\" \/>\n<link rel=\"canonical\" href=\"https:\/\/www.deschacht.eu\/fr\/nouvelles\/deschacht-ouvre-son-12eme-etablissement-a-marche-en-famenne\/\" \/>\n<meta property=\"og:locale\" content=\"fr_FR\" \/>\n<meta property=\"og:type\" content=\"article\" \/>\n<meta property=\"og:title\" content=\"Deschacht opent 12e vestiging in Marche-en-Famenne\" \/>\n<meta property=\"og:description\" content=\"Deschacht opent zijn twaalfde vestiging in Marche-en-Famenne. Ontdek het nieuwe filiaal.\" \/>\n<meta property=\"og:url\" content=\"https:\/\/www.deschacht.eu\/fr\/nouvelles\/deschacht-ouvre-son-12eme-etablissement-a-marche-en-famenne\/\" \/>\n<meta property=\"og:site_name\" content=\"Deschacht Bouwmaterialen\" \/>\n<meta property=\"article:published_time\" content=\"2026-07-02T07:36:22+00:00\" \/>\n<meta property=\"article:modified_time\" content=\"2026-09-04T12:26:54+00:00\" \/>\n<meta property=\"og:image\" content=\"https:\/\/www.deschacht.eu\/wp-content\/uploads\/2026\/07\/uitgelicht_Marche_520x3882-300x224-1.png\" \/>\n\t<meta property=\"og:image:width\" content=\"300\" \/>\n\t<meta property=\"og:image:height\" content=\"224\" \/>\n\t<meta property=\"og:image:type\" content=\"image\/png\" \/>\n<meta name=\"author\" content=\"Shauni Van Hove\" \/>\n<meta name=\"twitter:card\" content=\"summary_large_image\" \/>\n<meta name=\"twitter:label1\" content=\"\u00c9crit par\" \/>\n\t<meta name=\"twitter:data1\" content=\"Shauni Van Hove\" \/>\n\t<meta name=\"twitter:label2\" content=\"Dur\u00e9e de lecture estim\u00e9e\" \/>\n\t<meta name=\"twitter:data2\" content=\"2 minutes\" \/>\n<script type=\"application\/ld+json\" class=\"yoast-schema-graph\">{\"@context\":\"https:\\\/\\\/schema.org\",\"@graph\":[{\"@type\":\"Article\",\"@id\":\"https:\\\/\\\/www.deschacht.eu\\\/nieuws\\\/deschacht-opent-zijn-12e-vestiging-in-marche-en-famenne\\\/#article\",\"isPartOf\":{\"@id\":\"https:\\\/\\\/www.deschacht.eu\\\/nieuws\\\/deschacht-opent-zijn-12e-vestiging-in-marche-en-famenne\\\/\"},\"author\":{\"name\":\"Shauni Van Hove\",\"@id\":\"https:\\\/\\\/www.deschacht.eu\\\/#\\\/schema\\\/person\\\/2164f5cbba87f4cdc4ae3ecda08cb423\"},\"headline\":\"Deschacht opent zijn 12e vestiging in Marche-en-Famenne\",\"datePublished\":\"2026-07-02T07:36:22+00:00\",\"dateModified\":\"2026-09-04T12:26:54+00:00\",\"mainEntityOfPage\":{\"@id\":\"https:\\\/\\\/www.deschacht.eu\\\/nieuws\\\/deschacht-opent-zijn-12e-vestiging-in-marche-en-famenne\\\/\"},\"wordCount\":182,\"commentCount\":0,\"publisher\":{\"@id\":\"https:\\\/\\\/www.deschacht.eu\\\/#organization\"},\"image\":{\"@id\":\"https:\\\/\\\/www.deschacht.eu\\\/nieuws\\\/deschacht-opent-zijn-12e-vestiging-in-marche-en-famenne\\\/#primaryimage\"},\"thumbnailUrl\":\"https:\\\/\\\/www.deschacht.eu\\\/wp-content\\\/uploads\\\/2026\\\/07\\\/uitgelicht_Marche_520x3882-300x224-1.png\",\"articleSection\":[\"Nieuws\"],\"inLanguage\":\"fr-FR\",\"potentialAction\":[{\"@type\":\"CommentAction\",\"name\":\"Comment\",\"target\":[\"https:\\\/\\\/www.deschacht.eu\\\/nieuws\\\/deschacht-opent-zijn-12e-vestiging-in-marche-en-famenne\\\/#respond\"]}]},{\"@type\":\"WebPage\",\"@id\":\"https:\\\/\\\/www.deschacht.eu\\\/nieuws\\\/deschacht-opent-zijn-12e-vestiging-in-marche-en-famenne\\\/\",\"url\":\"https:\\\/\\\/www.deschacht.eu\\\/nieuws\\\/deschacht-opent-zijn-12e-vestiging-in-marche-en-famenne\\\/\",\"name\":\"Deschacht opent 12e vestiging in Marche-en-Famenne\",\"isPartOf\":{\"@id\":\"https:\\\/\\\/www.deschacht.eu\\\/#website\"},\"primaryImageOfPage\":{\"@id\":\"https:\\\/\\\/www.deschacht.eu\\\/nieuws\\\/deschacht-opent-zijn-12e-vestiging-in-marche-en-famenne\\\/#primaryimage\"},\"image\":{\"@id\":\"https:\\\/\\\/www.deschacht.eu\\\/nieuws\\\/deschacht-opent-zijn-12e-vestiging-in-marche-en-famenne\\\/#primaryimage\"},\"thumbnailUrl\":\"https:\\\/\\\/www.deschacht.eu\\\/wp-content\\\/uploads\\\/2026\\\/07\\\/uitgelicht_Marche_520x3882-300x224-1.png\",\"datePublished\":\"2026-07-02T07:36:22+00:00\",\"dateModified\":\"2026-09-04T12:26:54+00:00\",\"description\":\"Deschacht opent zijn twaalfde vestiging in Marche-en-Famenne. Ontdek het nieuwe filiaal.\",\"breadcrumb\":{\"@id\":\"https:\\\/\\\/www.deschacht.eu\\\/nieuws\\\/deschacht-opent-zijn-12e-vestiging-in-marche-en-famenne\\\/#breadcrumb\"},\"inLanguage\":\"fr-FR\",\"potentialAction\":[{\"@type\":\"ReadAction\",\"target\":[\"https:\\\/\\\/www.deschacht.eu\\\/nieuws\\\/deschacht-opent-zijn-12e-vestiging-in-marche-en-famenne\\\/\"]}]},{\"@type\":\"ImageObject\",\"inLanguage\":\"fr-FR\",\"@id\":\"https:\\\/\\\/www.deschacht.eu\\\/nieuws\\\/deschacht-opent-zijn-12e-vestiging-in-marche-en-famenne\\\/#primaryimage\",\"url\":\"https:\\\/\\\/www.deschacht.eu\\\/wp-content\\\/uploads\\\/2026\\\/07\\\/uitgelicht_Marche_520x3882-300x224-1.png\",\"contentUrl\":\"https:\\\/\\\/www.deschacht.eu\\\/wp-content\\\/uploads\\\/2026\\\/07\\\/uitgelicht_Marche_520x3882-300x224-1.png\",\"width\":300,\"height\":224},{\"@type\":\"BreadcrumbList\",\"@id\":\"https:\\\/\\\/www.deschacht.eu\\\/nieuws\\\/deschacht-opent-zijn-12e-vestiging-in-marche-en-famenne\\\/#breadcrumb\",\"itemListElement\":[{\"@type\":\"ListItem\",\"position\":1,\"name\":\"Home\",\"item\":\"https:\\\/\\\/www.deschacht.eu\\\/\"},{\"@type\":\"ListItem\",\"position\":2,\"name\":\"Deschacht opent zijn 12e vestiging in Marche-en-Famenne\"}]},{\"@type\":\"WebSite\",\"@id\":\"https:\\\/\\\/www.deschacht.eu\\\/#website\",\"url\":\"https:\\\/\\\/www.deschacht.eu\\\/\",\"name\":\"Deschacht Bouwmaterialen\",\"description\":\"Impact en verandering in de bouwsector.\",\"publisher\":{\"@id\":\"https:\\\/\\\/www.deschacht.eu\\\/#organization\"},\"potentialAction\":[{\"@type\":\"SearchAction\",\"target\":{\"@type\":\"EntryPoint\",\"urlTemplate\":\"https:\\\/\\\/www.deschacht.eu\\\/?s={search_term_string}\"},\"query-input\":{\"@type\":\"PropertyValueSpecification\",\"valueRequired\":true,\"valueName\":\"search_term_string\"}}],\"inLanguage\":\"fr-FR\"},{\"@type\":\"Organization\",\"@id\":\"https:\\\/\\\/www.deschacht.eu\\\/#organization\",\"name\":\"Deschacht Bouwmaterialen\",\"url\":\"https:\\\/\\\/www.deschacht.eu\\\/\",\"logo\":{\"@type\":\"ImageObject\",\"inLanguage\":\"fr-FR\",\"@id\":\"https:\\\/\\\/www.deschacht.eu\\\/#\\\/schema\\\/logo\\\/image\\\/\",\"url\":\"https:\\\/\\\/www.deschacht.eu\\\/wp-content\\\/uploads\\\/2026\\\/03\\\/Deschacht-Logo.svg\",\"contentUrl\":\"https:\\\/\\\/www.deschacht.eu\\\/wp-content\\\/uploads\\\/2026\\\/03\\\/Deschacht-Logo.svg\",\"caption\":\"Deschacht Bouwmaterialen\"},\"image\":{\"@id\":\"https:\\\/\\\/www.deschacht.eu\\\/#\\\/schema\\\/logo\\\/image\\\/\"}},{\"@type\":\"Person\",\"@id\":\"https:\\\/\\\/www.deschacht.eu\\\/#\\\/schema\\\/person\\\/2164f5cbba87f4cdc4ae3ecda08cb423\",\"name\":\"Shauni Van Hove\",\"image\":{\"@type\":\"ImageObject\",\"inLanguage\":\"fr-FR\",\"@id\":\"https:\\\/\\\/secure.gravatar.com\\\/avatar\\\/3d745f1a9d79a92ce89e276930fd88be460ae71e182a58276fa2f270906b5261?s=96&d=mm&r=g\",\"url\":\"https:\\\/\\\/secure.gravatar.com\\\/avatar\\\/3d745f1a9d79a92ce89e276930fd88be460ae71e182a58276fa2f270906b5261?s=96&d=mm&r=g\",\"contentUrl\":\"https:\\\/\\\/secure.gravatar.com\\\/avatar\\\/3d745f1a9d79a92ce89e276930fd88be460ae71e182a58276fa2f270906b5261?s=96&d=mm&r=g\",\"caption\":\"Shauni Van Hove\"},\"url\":\"https:\\\/\\\/www.deschacht.eu\\\/fr\\\/nieuws\\\/author\\\/shauni\\\/\"}]}<\/script>\n<!-- \/ Yoast SEO plugin. -->","yoast_head_json":{"title":"Deschacht ouvre son 12e point de vente \u00e0 Marche-en-Famenne","description":"Deschacht ouvre sa douzi\u00e8me implantation \u00e0 Marche-en-Famenne. D\u00e9couvrez la nouvelle succursale.","robots":{"index":"index","follow":"follow","max-snippet":"max-snippet:-1","max-image-preview":"max-image-preview:large","max-video-preview":"max-video-preview:-1"},"canonical":"https:\/\/www.deschacht.eu\/fr\/nouvelles\/deschacht-ouvre-son-12eme-etablissement-a-marche-en-famenne\/","og_locale":"fr_FR","og_type":"article","og_title":"Deschacht opent 12e vestiging in Marche-en-Famenne","og_description":"Deschacht opent zijn twaalfde vestiging in Marche-en-Famenne. Ontdek het nieuwe filiaal.","og_url":"https:\/\/www.deschacht.eu\/fr\/nouvelles\/deschacht-ouvre-son-12eme-etablissement-a-marche-en-famenne\/","og_site_name":"Deschacht Bouwmaterialen","article_published_time":"2026-07-02T07:36:22+00:00","article_modified_time":"2026-09-04T12:26:54+00:00","og_image":[{"width":300,"height":224,"url":"https:\/\/www.deschacht.eu\/wp-content\/uploads\/2026\/07\/uitgelicht_Marche_520x3882-300x224-1.png","type":"image\/png"}],"author":"Shauni Van Hove","twitter_card":"summary_large_image","twitter_misc":{"\u00c9crit par":"Shauni Van Hove","Dur\u00e9e de lecture estim\u00e9e":"2 minutes"},"schema":{"@context":"https:\/\/schema.org","@graph":[{"@type":"Article","@id":"https:\/\/www.deschacht.eu\/nieuws\/deschacht-opent-zijn-12e-vestiging-in-marche-en-famenne\/#article","isPartOf":{"@id":"https:\/\/www.deschacht.eu\/nieuws\/deschacht-opent-zijn-12e-vestiging-in-marche-en-famenne\/"},"author":{"name":"Shauni Van Hove","@id":"https:\/\/www.deschacht.eu\/#\/schema\/person\/2164f5cbba87f4cdc4ae3ecda08cb423"},"headline":"Deschacht opent zijn 12e vestiging in Marche-en-Famenne","datePublished":"2026-07-02T07:36:22+00:00","dateModified":"2026-09-04T12:26:54+00:00","mainEntityOfPage":{"@id":"https:\/\/www.deschacht.eu\/nieuws\/deschacht-opent-zijn-12e-vestiging-in-marche-en-famenne\/"},"wordCount":182,"commentCount":0,"publisher":{"@id":"https:\/\/www.deschacht.eu\/#organization"},"image":{"@id":"https:\/\/www.deschacht.eu\/nieuws\/deschacht-opent-zijn-12e-vestiging-in-marche-en-famenne\/#primaryimage"},"thumbnailUrl":"https:\/\/www.deschacht.eu\/wp-content\/uploads\/2026\/07\/uitgelicht_Marche_520x3882-300x224-1.png","articleSection":["Nieuws"],"inLanguage":"fr-FR","potentialAction":[{"@type":"CommentAction","name":"Comment","target":["https:\/\/www.deschacht.eu\/nieuws\/deschacht-opent-zijn-12e-vestiging-in-marche-en-famenne\/#respond"]}]},{"@type":"WebPage","@id":"https:\/\/www.deschacht.eu\/nieuws\/deschacht-opent-zijn-12e-vestiging-in-marche-en-famenne\/","url":"https:\/\/www.deschacht.eu\/nieuws\/deschacht-opent-zijn-12e-vestiging-in-marche-en-famenne\/","name":"Deschacht ouvre son 12e point de vente \u00e0 Marche-en-Famenne","isPartOf":{"@id":"https:\/\/www.deschacht.eu\/#website"},"primaryImageOfPage":{"@id":"https:\/\/www.deschacht.eu\/nieuws\/deschacht-opent-zijn-12e-vestiging-in-marche-en-famenne\/#primaryimage"},"image":{"@id":"https:\/\/www.deschacht.eu\/nieuws\/deschacht-opent-zijn-12e-vestiging-in-marche-en-famenne\/#primaryimage"},"thumbnailUrl":"https:\/\/www.deschacht.eu\/wp-content\/uploads\/2026\/07\/uitgelicht_Marche_520x3882-300x224-1.png","datePublished":"2026-07-02T07:36:22+00:00","dateModified":"2026-09-04T12:26:54+00:00","description":"Deschacht ouvre sa douzi\u00e8me implantation \u00e0 Marche-en-Famenne. D\u00e9couvrez la nouvelle succursale.","breadcrumb":{"@id":"https:\/\/www.deschacht.eu\/nieuws\/deschacht-opent-zijn-12e-vestiging-in-marche-en-famenne\/#breadcrumb"},"inLanguage":"fr-FR","potentialAction":[{"@type":"ReadAction","target":["https:\/\/www.deschacht.eu\/nieuws\/deschacht-opent-zijn-12e-vestiging-in-marche-en-famenne\/"]}]},{"@type":"ImageObject","inLanguage":"fr-FR","@id":"https:\/\/www.deschacht.eu\/nieuws\/deschacht-opent-zijn-12e-vestiging-in-marche-en-famenne\/#primaryimage","url":"https:\/\/www.deschacht.eu\/wp-content\/uploads\/2026\/07\/uitgelicht_Marche_520x3882-300x224-1.png","contentUrl":"https:\/\/www.deschacht.eu\/wp-content\/uploads\/2026\/07\/uitgelicht_Marche_520x3882-300x224-1.png","width":300,"height":224},{"@type":"BreadcrumbList","@id":"https:\/\/www.deschacht.eu\/nieuws\/deschacht-opent-zijn-12e-vestiging-in-marche-en-famenne\/#breadcrumb","itemListElement":[{"@type":"ListItem","position":1,"name":"Home","item":"https:\/\/www.deschacht.eu\/"},{"@type":"ListItem","position":2,"name":"Deschacht opent zijn 12e vestiging in Marche-en-Famenne"}]},{"@type":"WebSite","@id":"https:\/\/www.deschacht.eu\/#website","url":"https:\/\/www.deschacht.eu\/","name":"Deschacht Mat\u00e9riaux de construction","description":"Impact et changement dans le secteur de la construction.","publisher":{"@id":"https:\/\/www.deschacht.eu\/#organization"},"potentialAction":[{"@type":"SearchAction","target":{"@type":"EntryPoint","urlTemplate":"https:\/\/www.deschacht.eu\/?s={search_term_string}"},"query-input":{"@type":"PropertyValueSpecification","valueRequired":true,"valueName":"search_term_string"}}],"inLanguage":"fr-FR"},{"@type":"Organization","@id":"https:\/\/www.deschacht.eu\/#organization","name":"Deschacht Mat\u00e9riaux de construction","url":"https:\/\/www.deschacht.eu\/","logo":{"@type":"ImageObject","inLanguage":"fr-FR","@id":"https:\/\/www.deschacht.eu\/#\/schema\/logo\/image\/","url":"https:\/\/www.deschacht.eu\/wp-content\/uploads\/2026\/03\/Deschacht-Logo.svg","contentUrl":"https:\/\/www.deschacht.eu\/wp-content\/uploads\/2026\/03\/Deschacht-Logo.svg","caption":"Deschacht Bouwmaterialen"},"image":{"@id":"https:\/\/www.deschacht.eu\/#\/schema\/logo\/image\/"}},{"@type":"Person","@id":"https:\/\/www.deschacht.eu\/#\/schema\/person\/2164f5cbba87f4cdc4ae3ecda08cb423","name":"Shauni Van Hove","image":{"@type":"ImageObject","inLanguage":"fr-FR","@id":"https:\/\/secure.gravatar.com\/avatar\/3d745f1a9d79a92ce89e276930fd88be460ae71e182a58276fa2f270906b5261?s=96&d=mm&r=g","url":"https:\/\/secure.gravatar.com\/avatar\/3d745f1a9d79a92ce89e276930fd88be460ae71e182a58276fa2f270906b5261?s=96&d=mm&r=g","contentUrl":"https:\/\/secure.gravatar.com\/avatar\/3d745f1a9d79a92ce89e276930fd88be460ae71e182a58276fa2f270906b5261?s=96&d=mm&r=g","caption":"Shauni Van Hove"},"url":"https:\/\/www.deschacht.eu\/fr\/nieuws\/author\/shauni\/"}]}},"_links":{"self":[{"href":"https:\/\/www.deschacht.eu\/fr\/wp-json\/wp\/v2\/posts\/7558","targetHints":{"allow":["GET"]}}],"collection":[{"href":"https:\/\/www.deschacht.eu\/fr\/wp-json\/wp\/v2\/posts"}],"about":[{"href":"https:\/\/www.deschacht.eu\/fr\/wp-json\/wp\/v2\/types\/post"}],"author":[{"embeddable":true,"href":"https:\/\/www.deschacht.eu\/fr\/wp-json\/wp\/v2\/users\/3"}],"replies":[{"embeddable":true,"href":"https:\/\/www.deschacht.eu\/fr\/wp-json\/wp\/v2\/comments?post=7558"}],"version-history":[{"count":1,"href":"https:\/\/www.deschacht.eu\/fr\/wp-json\/wp\/v2\/posts\/7558\/revisions"}],"predecessor-version":[{"id":9192,"href":"https:\/\/www.deschacht.eu\/fr\/wp-json\/wp\/v2\/posts\/7558\/revisions\/9192"}],"wp:featuredmedia":[{"embeddable":true,"href":"https:\/\/www.deschacht.eu\/fr\/wp-json\/wp\/v2\/media\/7564"}],"wp:attachment":[{"href":"https:\/\/www.deschacht.eu\/fr\/wp-json\/wp\/v2\/media?parent=7558"}],"wp:term":[{"taxonomy":"category","embeddable":true,"href":"https:\/\/www.deschacht.eu\/fr\/wp-json\/wp\/v2\/categories?post=7558"},{"taxonomy":"post_tag","embeddable":true,"href":"https:\/\/www.deschacht.eu\/fr\/wp-json\/wp\/v2\/tags?post=7558"}],"curies":[{"name":"bien jou\u00e9","href":"https:\/\/api.w.org\/{rel}","templated":true}]}}