{"id":1104,"date":"2026-03-10T12:49:40","date_gmt":"2026-03-10T11:49:40","guid":{"rendered":"https:\/\/www.deschacht.eu\/instabiliteit-op-de-markt\/"},"modified":"2026-07-01T15:30:46","modified_gmt":"2026-07-01T13:30:46","slug":"instabilite-sur-le-marche","status":"publish","type":"post","link":"https:\/\/www.deschacht.eu\/fr\/nieuws\/instabiliteit-op-de-markt\/","title":{"rendered":"Instabilit\u00e9 du march\u00e9"},"content":{"rendered":"<h1 class=\"wp-block-heading\">Mise \u00e0 jour<\/h1>\n\n\n\n<h3 class=\"wp-block-heading\">Veuillez tenir compte des informations ci-dessous concernant l'instabilit\u00e9 actuelle du march\u00e9 \u2013 validit\u00e9 des offres<\/h3>\n\n\n\n<p class=\"wp-block-paragraph\">Les tensions g\u00e9opolitiques actuelles et les d\u00e9veloppements internationaux engendrent une forte instabilit\u00e9 sur les march\u00e9s mondiaux. Plusieurs producteurs de mati\u00e8res premi\u00e8res et de mat\u00e9riaux de construction, en particulier dans le secteur p\u00e9trochimique, indiquent qu'ils ne peuvent plus offrir de garanties de stabilit\u00e9 des prix aujourd'hui.<\/p>\n\n\n\n<p class=\"wp-block-paragraph\">Cette situation a un impact direct sur toute la cha\u00eene d'approvisionnement des mat\u00e9riaux de construction. Nous sommes actuellement confront\u00e9s, entre autres, \u00e0 :<\/p>\n\n\n\n<ul class=\"wp-block-list\">\n<li>hausse des prix des mati\u00e8res premi\u00e8res (notamment PE, PP et autres plastiques)<\/li>\n\n\n\n<li>hausse des co\u00fbts de l'\u00e9nergie et du transport<\/li>\n\n\n\n<li>Perturbations potentielles dans la cha\u00eene logistique internationale<\/li>\n\n\n\n<li>incertitude croissante sur le march\u00e9<\/li>\n<\/ul>\n\n\n\n<p class=\"wp-block-paragraph\">En raison des conditions exceptionnelles du march\u00e9, nous sommes amen\u00e9s \u00e0 ajuster temporairement nos conditions commerciales.<\/p>\n\n\n\n<p class=\"wp-block-paragraph\">Concr\u00e8tement, cela signifie que la validit\u00e9 de nos offres sera d\u00e9sormais limit\u00e9e \u00e0 1 semaine maximum, sauf mention contraire.<\/p>\n\n\n\n<p class=\"wp-block-paragraph\">Nous vous recommandons donc de faire preuve de la plus grande prudence lors de l'\u00e9tablissement de devis pour vos propres clients, dans le cadre de projets actuels ou futurs, et de convenir en temps voulu avec votre interlocuteur chez Deschacht.<\/p>\n\n\n\n<p class=\"wp-block-paragraph\">Onze \u00e9quipes suivent la situation de pr\u00e8s et font tout leur possible pour continuer \u00e0 vous soutenir au mieux pendant cette p\u00e9riode d'incertitude. D\u00e8s que le march\u00e9 sera stabilis\u00e9, nous vous tiendrons inform\u00e9s.<\/p>\n\n\n\n<p class=\"wp-block-paragraph\">Nous vous remercions par avance de votre compr\u00e9hension et restons bien entendu \u00e0 votre disposition pour toute pr\u00e9cision.<\/p>\n\n\n\n<p class=\"wp-block-paragraph\">Cordialement,<br>\nDeschacht<\/p>","protected":false},"excerpt":{"rendered":"<p>Informations actuelles concernant les prix et les conditions de livraison.<\/p>","protected":false},"author":1,"featured_media":1105,"comment_status":"open","ping_status":"open","sticky":false,"template":"","format":"standard","meta":{"_acf_changed":false,"footnotes":""},"categories":[11],"tags":[],"class_list":["post-1104","post","type-post","status-publish","format-standard","has-post-thumbnail","hentry","category-nieuws"],"acf":[],"yoast_head":"<!-- This site is optimized with the Yoast SEO plugin v28.4 - https:\/\/yoast.com\/product\/yoast-seo-wordpress\/ -->\n<title>Instabiliteit op de markt | Nieuws | Deschacht<\/title>\n<meta name=\"description\" content=\"Deschacht licht de huidige marktsituatie toe en wat die betekent voor prijzen en leveringen.\" \/>\n<meta name=\"robots\" content=\"index, follow, max-snippet:-1, max-image-preview:large, max-video-preview:-1\" \/>\n<link rel=\"canonical\" href=\"https:\/\/www.deschacht.eu\/fr\/nouvelles\/instabilite-sur-le-marche\/\" \/>\n<meta property=\"og:locale\" content=\"fr_FR\" \/>\n<meta property=\"og:type\" content=\"article\" \/>\n<meta property=\"og:title\" content=\"Instabiliteit op de markt | Nieuws | Deschacht\" \/>\n<meta property=\"og:description\" content=\"Deschacht licht de huidige marktsituatie toe en wat die betekent voor prijzen en leveringen.\" \/>\n<meta property=\"og:url\" content=\"https:\/\/www.deschacht.eu\/fr\/nouvelles\/instabilite-sur-le-marche\/\" \/>\n<meta property=\"og:site_name\" content=\"Deschacht Bouwmaterialen\" \/>\n<meta property=\"article:published_time\" content=\"2026-03-10T11:49:40+00:00\" \/>\n<meta property=\"article:modified_time\" content=\"2026-07-01T13:30:46+00:00\" \/>\n<meta property=\"og:image\" content=\"https:\/\/www.deschacht.eu\/wp-content\/uploads\/2026\/04\/Instabiliteit_Markt_520x388.jpg\" \/>\n\t<meta property=\"og:image:width\" content=\"520\" \/>\n\t<meta property=\"og:image:height\" content=\"388\" \/>\n\t<meta property=\"og:image:type\" content=\"image\/jpeg\" \/>\n<meta name=\"author\" content=\"info@webtica.be\" \/>\n<meta name=\"twitter:card\" content=\"summary_large_image\" \/>\n<meta name=\"twitter:label1\" content=\"\u00c9crit par\" \/>\n\t<meta name=\"twitter:data1\" content=\"info@webtica.be\" \/>\n\t<meta name=\"twitter:label2\" content=\"Dur\u00e9e de lecture estim\u00e9e\" \/>\n\t<meta name=\"twitter:data2\" content=\"2 minutes\" \/>\n<script type=\"application\/ld+json\" class=\"yoast-schema-graph\">{\"@context\":\"https:\\\/\\\/schema.org\",\"@graph\":[{\"@type\":\"Article\",\"@id\":\"https:\\\/\\\/www.deschacht.eu\\\/nieuws\\\/instabiliteit-op-de-markt\\\/#article\",\"isPartOf\":{\"@id\":\"https:\\\/\\\/www.deschacht.eu\\\/nieuws\\\/instabiliteit-op-de-markt\\\/\"},\"author\":{\"name\":\"info@webtica.be\",\"@id\":\"https:\\\/\\\/www.deschacht.eu\\\/#\\\/schema\\\/person\\\/eb65d3846292a4b0d4685e8fada4d592\"},\"headline\":\"Instabiliteit op de markt\",\"datePublished\":\"2026-03-10T11:49:40+00:00\",\"dateModified\":\"2026-07-01T13:30:46+00:00\",\"mainEntityOfPage\":{\"@id\":\"https:\\\/\\\/www.deschacht.eu\\\/nieuws\\\/instabiliteit-op-de-markt\\\/\"},\"wordCount\":236,\"commentCount\":0,\"publisher\":{\"@id\":\"https:\\\/\\\/www.deschacht.eu\\\/#organization\"},\"image\":{\"@id\":\"https:\\\/\\\/www.deschacht.eu\\\/nieuws\\\/instabiliteit-op-de-markt\\\/#primaryimage\"},\"thumbnailUrl\":\"https:\\\/\\\/www.deschacht.eu\\\/wp-content\\\/uploads\\\/2026\\\/04\\\/Instabiliteit_Markt_520x388.jpg\",\"articleSection\":[\"Nieuws\"],\"inLanguage\":\"fr-FR\",\"potentialAction\":[{\"@type\":\"CommentAction\",\"name\":\"Comment\",\"target\":[\"https:\\\/\\\/www.deschacht.eu\\\/nieuws\\\/instabiliteit-op-de-markt\\\/#respond\"]}]},{\"@type\":\"WebPage\",\"@id\":\"https:\\\/\\\/www.deschacht.eu\\\/nieuws\\\/instabiliteit-op-de-markt\\\/\",\"url\":\"https:\\\/\\\/www.deschacht.eu\\\/nieuws\\\/instabiliteit-op-de-markt\\\/\",\"name\":\"Instabiliteit op de markt | Nieuws | Deschacht\",\"isPartOf\":{\"@id\":\"https:\\\/\\\/www.deschacht.eu\\\/#website\"},\"primaryImageOfPage\":{\"@id\":\"https:\\\/\\\/www.deschacht.eu\\\/nieuws\\\/instabiliteit-op-de-markt\\\/#primaryimage\"},\"image\":{\"@id\":\"https:\\\/\\\/www.deschacht.eu\\\/nieuws\\\/instabiliteit-op-de-markt\\\/#primaryimage\"},\"thumbnailUrl\":\"https:\\\/\\\/www.deschacht.eu\\\/wp-content\\\/uploads\\\/2026\\\/04\\\/Instabiliteit_Markt_520x388.jpg\",\"datePublished\":\"2026-03-10T11:49:40+00:00\",\"dateModified\":\"2026-07-01T13:30:46+00:00\",\"description\":\"Deschacht licht de huidige marktsituatie toe en wat die betekent voor prijzen en leveringen.\",\"breadcrumb\":{\"@id\":\"https:\\\/\\\/www.deschacht.eu\\\/nieuws\\\/instabiliteit-op-de-markt\\\/#breadcrumb\"},\"inLanguage\":\"fr-FR\",\"potentialAction\":[{\"@type\":\"ReadAction\",\"target\":[\"https:\\\/\\\/www.deschacht.eu\\\/nieuws\\\/instabiliteit-op-de-markt\\\/\"]}]},{\"@type\":\"ImageObject\",\"inLanguage\":\"fr-FR\",\"@id\":\"https:\\\/\\\/www.deschacht.eu\\\/nieuws\\\/instabiliteit-op-de-markt\\\/#primaryimage\",\"url\":\"https:\\\/\\\/www.deschacht.eu\\\/wp-content\\\/uploads\\\/2026\\\/04\\\/Instabiliteit_Markt_520x388.jpg\",\"contentUrl\":\"https:\\\/\\\/www.deschacht.eu\\\/wp-content\\\/uploads\\\/2026\\\/04\\\/Instabiliteit_Markt_520x388.jpg\",\"width\":520,\"height\":388},{\"@type\":\"BreadcrumbList\",\"@id\":\"https:\\\/\\\/www.deschacht.eu\\\/nieuws\\\/instabiliteit-op-de-markt\\\/#breadcrumb\",\"itemListElement\":[{\"@type\":\"ListItem\",\"position\":1,\"name\":\"Home\",\"item\":\"https:\\\/\\\/www.deschacht.eu\\\/\"},{\"@type\":\"ListItem\",\"position\":2,\"name\":\"Instabiliteit op de markt\"}]},{\"@type\":\"WebSite\",\"@id\":\"https:\\\/\\\/www.deschacht.eu\\\/#website\",\"url\":\"https:\\\/\\\/www.deschacht.eu\\\/\",\"name\":\"Deschacht Bouwmaterialen\",\"description\":\"Impact en verandering in de bouwsector.\",\"publisher\":{\"@id\":\"https:\\\/\\\/www.deschacht.eu\\\/#organization\"},\"potentialAction\":[{\"@type\":\"SearchAction\",\"target\":{\"@type\":\"EntryPoint\",\"urlTemplate\":\"https:\\\/\\\/www.deschacht.eu\\\/?s={search_term_string}\"},\"query-input\":{\"@type\":\"PropertyValueSpecification\",\"valueRequired\":true,\"valueName\":\"search_term_string\"}}],\"inLanguage\":\"fr-FR\"},{\"@type\":\"Organization\",\"@id\":\"https:\\\/\\\/www.deschacht.eu\\\/#organization\",\"name\":\"Deschacht Bouwmaterialen\",\"url\":\"https:\\\/\\\/www.deschacht.eu\\\/\",\"logo\":{\"@type\":\"ImageObject\",\"inLanguage\":\"fr-FR\",\"@id\":\"https:\\\/\\\/www.deschacht.eu\\\/#\\\/schema\\\/logo\\\/image\\\/\",\"url\":\"https:\\\/\\\/www.deschacht.eu\\\/wp-content\\\/uploads\\\/2026\\\/03\\\/Deschacht-Logo.svg\",\"contentUrl\":\"https:\\\/\\\/www.deschacht.eu\\\/wp-content\\\/uploads\\\/2026\\\/03\\\/Deschacht-Logo.svg\",\"caption\":\"Deschacht Bouwmaterialen\"},\"image\":{\"@id\":\"https:\\\/\\\/www.deschacht.eu\\\/#\\\/schema\\\/logo\\\/image\\\/\"}},{\"@type\":\"Person\",\"@id\":\"https:\\\/\\\/www.deschacht.eu\\\/#\\\/schema\\\/person\\\/eb65d3846292a4b0d4685e8fada4d592\",\"name\":\"info@webtica.be\",\"image\":{\"@type\":\"ImageObject\",\"inLanguage\":\"fr-FR\",\"@id\":\"https:\\\/\\\/secure.gravatar.com\\\/avatar\\\/c1f1a8e30a7bb9c291578e50748b40dba2259014db833c5f5b25d1ce349f2fe4?s=96&d=mm&r=g\",\"url\":\"https:\\\/\\\/secure.gravatar.com\\\/avatar\\\/c1f1a8e30a7bb9c291578e50748b40dba2259014db833c5f5b25d1ce349f2fe4?s=96&d=mm&r=g\",\"contentUrl\":\"https:\\\/\\\/secure.gravatar.com\\\/avatar\\\/c1f1a8e30a7bb9c291578e50748b40dba2259014db833c5f5b25d1ce349f2fe4?s=96&d=mm&r=g\",\"caption\":\"info@webtica.be\"},\"sameAs\":[\"https:\\\/\\\/www.deschacht.eu\"],\"url\":\"https:\\\/\\\/www.deschacht.eu\\\/fr\\\/nieuws\\\/author\\\/infowebtica-be\\\/\"}]}<\/script>\n<!-- \/ Yoast SEO plugin. -->","yoast_head_json":{"title":"Instabilit\u00e9 sur le march\u00e9 | Actualit\u00e9s | Deschacht","description":"Deschacht explique la situation actuelle du march\u00e9 et ce qu'elle implique pour les prix et les livraisons.","robots":{"index":"index","follow":"follow","max-snippet":"max-snippet:-1","max-image-preview":"max-image-preview:large","max-video-preview":"max-video-preview:-1"},"canonical":"https:\/\/www.deschacht.eu\/fr\/nouvelles\/instabilite-sur-le-marche\/","og_locale":"fr_FR","og_type":"article","og_title":"Instabiliteit op de markt | Nieuws | Deschacht","og_description":"Deschacht licht de huidige marktsituatie toe en wat die betekent voor prijzen en leveringen.","og_url":"https:\/\/www.deschacht.eu\/fr\/nouvelles\/instabilite-sur-le-marche\/","og_site_name":"Deschacht Bouwmaterialen","article_published_time":"2026-03-10T11:49:40+00:00","article_modified_time":"2026-07-01T13:30:46+00:00","og_image":[{"width":520,"height":388,"url":"https:\/\/www.deschacht.eu\/wp-content\/uploads\/2026\/04\/Instabiliteit_Markt_520x388.jpg","type":"image\/jpeg"}],"author":"info@webtica.be","twitter_card":"summary_large_image","twitter_misc":{"\u00c9crit par":"info@webtica.be","Dur\u00e9e de lecture estim\u00e9e":"2 minutes"},"schema":{"@context":"https:\/\/schema.org","@graph":[{"@type":"Article","@id":"https:\/\/www.deschacht.eu\/nieuws\/instabiliteit-op-de-markt\/#article","isPartOf":{"@id":"https:\/\/www.deschacht.eu\/nieuws\/instabiliteit-op-de-markt\/"},"author":{"name":"info@webtica.be","@id":"https:\/\/www.deschacht.eu\/#\/schema\/person\/eb65d3846292a4b0d4685e8fada4d592"},"headline":"Instabiliteit op de markt","datePublished":"2026-03-10T11:49:40+00:00","dateModified":"2026-07-01T13:30:46+00:00","mainEntityOfPage":{"@id":"https:\/\/www.deschacht.eu\/nieuws\/instabiliteit-op-de-markt\/"},"wordCount":236,"commentCount":0,"publisher":{"@id":"https:\/\/www.deschacht.eu\/#organization"},"image":{"@id":"https:\/\/www.deschacht.eu\/nieuws\/instabiliteit-op-de-markt\/#primaryimage"},"thumbnailUrl":"https:\/\/www.deschacht.eu\/wp-content\/uploads\/2026\/04\/Instabiliteit_Markt_520x388.jpg","articleSection":["Nieuws"],"inLanguage":"fr-FR","potentialAction":[{"@type":"CommentAction","name":"Comment","target":["https:\/\/www.deschacht.eu\/nieuws\/instabiliteit-op-de-markt\/#respond"]}]},{"@type":"WebPage","@id":"https:\/\/www.deschacht.eu\/nieuws\/instabiliteit-op-de-markt\/","url":"https:\/\/www.deschacht.eu\/nieuws\/instabiliteit-op-de-markt\/","name":"Instabilit\u00e9 sur le march\u00e9 | Actualit\u00e9s | Deschacht","isPartOf":{"@id":"https:\/\/www.deschacht.eu\/#website"},"primaryImageOfPage":{"@id":"https:\/\/www.deschacht.eu\/nieuws\/instabiliteit-op-de-markt\/#primaryimage"},"image":{"@id":"https:\/\/www.deschacht.eu\/nieuws\/instabiliteit-op-de-markt\/#primaryimage"},"thumbnailUrl":"https:\/\/www.deschacht.eu\/wp-content\/uploads\/2026\/04\/Instabiliteit_Markt_520x388.jpg","datePublished":"2026-03-10T11:49:40+00:00","dateModified":"2026-07-01T13:30:46+00:00","description":"Deschacht explique la situation actuelle du march\u00e9 et ce qu'elle implique pour les prix et les livraisons.","breadcrumb":{"@id":"https:\/\/www.deschacht.eu\/nieuws\/instabiliteit-op-de-markt\/#breadcrumb"},"inLanguage":"fr-FR","potentialAction":[{"@type":"ReadAction","target":["https:\/\/www.deschacht.eu\/nieuws\/instabiliteit-op-de-markt\/"]}]},{"@type":"ImageObject","inLanguage":"fr-FR","@id":"https:\/\/www.deschacht.eu\/nieuws\/instabiliteit-op-de-markt\/#primaryimage","url":"https:\/\/www.deschacht.eu\/wp-content\/uploads\/2026\/04\/Instabiliteit_Markt_520x388.jpg","contentUrl":"https:\/\/www.deschacht.eu\/wp-content\/uploads\/2026\/04\/Instabiliteit_Markt_520x388.jpg","width":520,"height":388},{"@type":"BreadcrumbList","@id":"https:\/\/www.deschacht.eu\/nieuws\/instabiliteit-op-de-markt\/#breadcrumb","itemListElement":[{"@type":"ListItem","position":1,"name":"Home","item":"https:\/\/www.deschacht.eu\/"},{"@type":"ListItem","position":2,"name":"Instabiliteit op de markt"}]},{"@type":"WebSite","@id":"https:\/\/www.deschacht.eu\/#website","url":"https:\/\/www.deschacht.eu\/","name":"Deschacht Mat\u00e9riaux de construction","description":"Impact et changement dans le secteur de la construction.","publisher":{"@id":"https:\/\/www.deschacht.eu\/#organization"},"potentialAction":[{"@type":"SearchAction","target":{"@type":"EntryPoint","urlTemplate":"https:\/\/www.deschacht.eu\/?s={search_term_string}"},"query-input":{"@type":"PropertyValueSpecification","valueRequired":true,"valueName":"search_term_string"}}],"inLanguage":"fr-FR"},{"@type":"Organization","@id":"https:\/\/www.deschacht.eu\/#organization","name":"Deschacht Mat\u00e9riaux de construction","url":"https:\/\/www.deschacht.eu\/","logo":{"@type":"ImageObject","inLanguage":"fr-FR","@id":"https:\/\/www.deschacht.eu\/#\/schema\/logo\/image\/","url":"https:\/\/www.deschacht.eu\/wp-content\/uploads\/2026\/03\/Deschacht-Logo.svg","contentUrl":"https:\/\/www.deschacht.eu\/wp-content\/uploads\/2026\/03\/Deschacht-Logo.svg","caption":"Deschacht Bouwmaterialen"},"image":{"@id":"https:\/\/www.deschacht.eu\/#\/schema\/logo\/image\/"}},{"@type":"Person","@id":"https:\/\/www.deschacht.eu\/#\/schema\/person\/eb65d3846292a4b0d4685e8fada4d592","name":"info@webtica.be","image":{"@type":"ImageObject","inLanguage":"fr-FR","@id":"https:\/\/secure.gravatar.com\/avatar\/c1f1a8e30a7bb9c291578e50748b40dba2259014db833c5f5b25d1ce349f2fe4?s=96&d=mm&r=g","url":"https:\/\/secure.gravatar.com\/avatar\/c1f1a8e30a7bb9c291578e50748b40dba2259014db833c5f5b25d1ce349f2fe4?s=96&d=mm&r=g","contentUrl":"https:\/\/secure.gravatar.com\/avatar\/c1f1a8e30a7bb9c291578e50748b40dba2259014db833c5f5b25d1ce349f2fe4?s=96&d=mm&r=g","caption":"info@webtica.be"},"sameAs":["https:\/\/www.deschacht.eu"],"url":"https:\/\/www.deschacht.eu\/fr\/nieuws\/author\/infowebtica-be\/"}]}},"_links":{"self":[{"href":"https:\/\/www.deschacht.eu\/fr\/wp-json\/wp\/v2\/posts\/1104","targetHints":{"allow":["GET"]}}],"collection":[{"href":"https:\/\/www.deschacht.eu\/fr\/wp-json\/wp\/v2\/posts"}],"about":[{"href":"https:\/\/www.deschacht.eu\/fr\/wp-json\/wp\/v2\/types\/post"}],"author":[{"embeddable":true,"href":"https:\/\/www.deschacht.eu\/fr\/wp-json\/wp\/v2\/users\/1"}],"replies":[{"embeddable":true,"href":"https:\/\/www.deschacht.eu\/fr\/wp-json\/wp\/v2\/comments?post=1104"}],"version-history":[{"count":0,"href":"https:\/\/www.deschacht.eu\/fr\/wp-json\/wp\/v2\/posts\/1104\/revisions"}],"wp:featuredmedia":[{"embeddable":true,"href":"https:\/\/www.deschacht.eu\/fr\/wp-json\/wp\/v2\/media\/1105"}],"wp:attachment":[{"href":"https:\/\/www.deschacht.eu\/fr\/wp-json\/wp\/v2\/media?parent=1104"}],"wp:term":[{"taxonomy":"category","embeddable":true,"href":"https:\/\/www.deschacht.eu\/fr\/wp-json\/wp\/v2\/categories?post=1104"},{"taxonomy":"post_tag","embeddable":true,"href":"https:\/\/www.deschacht.eu\/fr\/wp-json\/wp\/v2\/tags?post=1104"}],"curies":[{"name":"bien jou\u00e9","href":"https:\/\/api.w.org\/{rel}","templated":true}]}}