{"id":1102,"date":"2026-02-04T10:11:34","date_gmt":"2026-02-04T09:11:34","guid":{"rendered":"https:\/\/www.deschacht.eu\/wij-nodigen-u-uit-op-de-vlario-dag-2026-in-antwerp-expo\/"},"modified":"2026-07-01T15:30:46","modified_gmt":"2026-07-01T13:30:46","slug":"nous-vous-invitons-a-la-journee-vlario-2026-a-antwerp-expo","status":"publish","type":"post","link":"https:\/\/www.deschacht.eu\/fr\/nieuws\/wij-nodigen-u-uit-op-de-vlario-dag-2026-in-antwerp-expo\/","title":{"rendered":"Nous vous invitons \u00e0 la journ\u00e9e Vlario 2026 \u00e0 Antwerp Expo"},"content":{"rendered":"<h2 class=\"wp-block-heading\">Maire, comment \u00e9laborez-vous une politique de l'eau qui fonctionne pour les citoyens, les agriculteurs et la nature ?<\/h2>\n\n\n\n<p class=\"wp-block-paragraph\">C'est l\u00e0 la question centrale de la prochaine journ\u00e9e Vlario. Lors de ce salon professionnel de premier plan, exposants, conf\u00e9renciers et professionnels r\u00e9unissent leur expertise autour d'investissements durables dans la gestion de l'eau tourn\u00e9e vers l'avenir.<\/p>\n\n\n\n\n\n<div style=\"height:5px\" aria-hidden=\"true\" class=\"wp-block-spacer\"><\/div>\n\n\n\n<div class=\"wp-block-columns is-layout-flex wp-container-core-columns-is-layout-7387b849 wp-block-columns-is-layout-flex\">\n<div class=\"wp-block-column is-layout-flow wp-block-column-is-layout-flow\" style=\"flex-basis:50%\">\n<div style=\"height:20px\" aria-hidden=\"true\" class=\"wp-block-spacer\"><\/div>\n\n\n\n<p class=\"wp-block-paragraph\"><p style=\"text-align: left;\">  Antwerp Expo \u2013 Stand 52\n \ufe0f Mardi 31 mars\n\u23f1\ufe0f Salon : 8h30 \u2013 17h00\n  Moment de pr\u00e9sentation des exposants \u00e0 partir de 14h00<\/p><\/p>\n<\/div>\n\n\n\n<div class=\"wp-block-column is-layout-flow wp-block-column-is-layout-flow\" style=\"flex-basis:50%\">\n<div style=\"height:20px\" aria-hidden=\"true\" class=\"wp-block-spacer\"><\/div>\n\n\n\n<p class=\"wp-block-paragraph\">Demandez votre billet d'acc\u00e8s ici<\/p>\n<\/div>\n<\/div>\n\n\n\n<div style=\"height:20px\" aria-hidden=\"true\" class=\"wp-block-spacer\"><\/div>\n\n\n\n<h3 class=\"wp-block-heading\">Pitch exclusive de Deschacht : expertise en gestion de l'eau :<\/h3>\n\n\n\n<p class=\"wp-block-paragraph\"><style>\na {<br \/>    text-decoration: none;<br \/>    color: #464feb;<br \/>}<br \/>tr th, tr td {<br \/>    border: 1px solid #e6e6e6;<br \/>}<br \/>tr th {<br \/>    background-color: #f5f5f5;<br \/>}<br \/><\/style><\/p>\n\n\n\n<p class=\"wp-block-paragraph\">Deschacht pr\u00e9sentera \u00e0 Vlario 2026 une approche int\u00e9gr\u00e9e pour la gestion durable de l'eau urbaine, combinant des syst\u00e8mes d'infiltration en surface et des \u00e9gouts, conform\u00e9ment \u00e0 la GSVH et \u00e0 l'\u00e9chelle de Lansink. Nous montrerons comment des choix de conception r\u00e9fl\u00e9chis et des conduites plus profondes, entre autres, contribuent \u00e0 un drainage et une infiltration efficaces, et nous pr\u00e9senterons nos solutions innovantes Drainix pour les surfaces perm\u00e9ables et Greenfix pour les toits v\u00e9g\u00e9talis\u00e9s.<\/p>\n\n\n\n<p class=\"wp-block-paragraph\"><strong>Ne manquez pas cette pr\u00e9sentation et rendez-nous visite sur le stand 52 !<\/strong><\/p>\n\n\n\n<p class=\"wp-block-paragraph\"><\/p>","protected":false},"excerpt":{"rendered":"<p>Deschacht est exposant lors de la journ\u00e9e Vlario. Rendez-nous visite sur notre stand 52 le mardi 31 mars \u00e0 partir de 8h30 \u00e0 Antwerp Expo.<\/p>","protected":false},"author":1,"featured_media":1103,"comment_status":"open","ping_status":"open","sticky":false,"template":"","format":"standard","meta":{"_acf_changed":false,"footnotes":""},"categories":[11],"tags":[],"class_list":["post-1102","post","type-post","status-publish","format-standard","has-post-thumbnail","hentry","category-nieuws"],"acf":[],"yoast_head":"<!-- This site is optimized with the Yoast SEO plugin v28.4 - https:\/\/yoast.com\/product\/yoast-seo-wordpress\/ -->\n<title>Vlario-dag 2026 in Antwerp Expo | Deschacht<\/title>\n<meta name=\"description\" content=\"Wij nodigen je uit op de Vlario-dag 2026 in Antwerp Expo. Bezoek onze stand.\" \/>\n<meta name=\"robots\" content=\"index, follow, max-snippet:-1, max-image-preview:large, max-video-preview:-1\" \/>\n<link rel=\"canonical\" href=\"https:\/\/www.deschacht.eu\/fr\/nouvelles\/nous-vous-invitons-a-la-journee-vlario-2026-a-antwerp-expo\/\" \/>\n<meta property=\"og:locale\" content=\"fr_FR\" \/>\n<meta property=\"og:type\" content=\"article\" \/>\n<meta property=\"og:title\" content=\"Vlario-dag 2026 in Antwerp Expo | Deschacht\" \/>\n<meta property=\"og:description\" content=\"Wij nodigen je uit op de Vlario-dag 2026 in Antwerp Expo. Bezoek onze stand.\" \/>\n<meta property=\"og:url\" content=\"https:\/\/www.deschacht.eu\/fr\/nouvelles\/nous-vous-invitons-a-la-journee-vlario-2026-a-antwerp-expo\/\" \/>\n<meta property=\"og:site_name\" content=\"Deschacht Bouwmaterialen\" \/>\n<meta property=\"article:published_time\" content=\"2026-02-04T09:11:34+00:00\" \/>\n<meta property=\"article:modified_time\" content=\"2026-07-01T13:30:46+00:00\" \/>\n<meta property=\"og:image\" content=\"https:\/\/www.deschacht.eu\/wp-content\/uploads\/2026\/04\/thumb-VLARIO_2026.jpg\" \/>\n\t<meta property=\"og:image:width\" content=\"1600\" \/>\n\t<meta property=\"og:image:height\" content=\"1200\" \/>\n\t<meta property=\"og:image:type\" content=\"image\/jpeg\" \/>\n<meta name=\"author\" content=\"info@webtica.be\" \/>\n<meta name=\"twitter:card\" content=\"summary_large_image\" \/>\n<meta name=\"twitter:label1\" content=\"\u00c9crit par\" \/>\n\t<meta name=\"twitter:data1\" content=\"info@webtica.be\" \/>\n\t<meta name=\"twitter:label2\" content=\"Dur\u00e9e de lecture estim\u00e9e\" \/>\n\t<meta name=\"twitter:data2\" content=\"2 minutes\" \/>\n<script type=\"application\/ld+json\" class=\"yoast-schema-graph\">{\"@context\":\"https:\\\/\\\/schema.org\",\"@graph\":[{\"@type\":\"Article\",\"@id\":\"https:\\\/\\\/www.deschacht.eu\\\/nieuws\\\/wij-nodigen-u-uit-op-de-vlario-dag-2026-in-antwerp-expo\\\/#article\",\"isPartOf\":{\"@id\":\"https:\\\/\\\/www.deschacht.eu\\\/nieuws\\\/wij-nodigen-u-uit-op-de-vlario-dag-2026-in-antwerp-expo\\\/\"},\"author\":{\"name\":\"info@webtica.be\",\"@id\":\"https:\\\/\\\/www.deschacht.eu\\\/#\\\/schema\\\/person\\\/eb65d3846292a4b0d4685e8fada4d592\"},\"headline\":\"Wij nodigen u uit op de Vlario-dag 2026 in Antwerp Expo\",\"datePublished\":\"2026-02-04T09:11:34+00:00\",\"dateModified\":\"2026-07-01T13:30:46+00:00\",\"mainEntityOfPage\":{\"@id\":\"https:\\\/\\\/www.deschacht.eu\\\/nieuws\\\/wij-nodigen-u-uit-op-de-vlario-dag-2026-in-antwerp-expo\\\/\"},\"wordCount\":143,\"commentCount\":0,\"publisher\":{\"@id\":\"https:\\\/\\\/www.deschacht.eu\\\/#organization\"},\"image\":{\"@id\":\"https:\\\/\\\/www.deschacht.eu\\\/nieuws\\\/wij-nodigen-u-uit-op-de-vlario-dag-2026-in-antwerp-expo\\\/#primaryimage\"},\"thumbnailUrl\":\"https:\\\/\\\/www.deschacht.eu\\\/wp-content\\\/uploads\\\/2026\\\/04\\\/thumb-VLARIO_2026.jpg\",\"articleSection\":[\"Nieuws\"],\"inLanguage\":\"fr-FR\",\"potentialAction\":[{\"@type\":\"CommentAction\",\"name\":\"Comment\",\"target\":[\"https:\\\/\\\/www.deschacht.eu\\\/nieuws\\\/wij-nodigen-u-uit-op-de-vlario-dag-2026-in-antwerp-expo\\\/#respond\"]}]},{\"@type\":\"WebPage\",\"@id\":\"https:\\\/\\\/www.deschacht.eu\\\/nieuws\\\/wij-nodigen-u-uit-op-de-vlario-dag-2026-in-antwerp-expo\\\/\",\"url\":\"https:\\\/\\\/www.deschacht.eu\\\/nieuws\\\/wij-nodigen-u-uit-op-de-vlario-dag-2026-in-antwerp-expo\\\/\",\"name\":\"Vlario-dag 2026 in Antwerp Expo | Deschacht\",\"isPartOf\":{\"@id\":\"https:\\\/\\\/www.deschacht.eu\\\/#website\"},\"primaryImageOfPage\":{\"@id\":\"https:\\\/\\\/www.deschacht.eu\\\/nieuws\\\/wij-nodigen-u-uit-op-de-vlario-dag-2026-in-antwerp-expo\\\/#primaryimage\"},\"image\":{\"@id\":\"https:\\\/\\\/www.deschacht.eu\\\/nieuws\\\/wij-nodigen-u-uit-op-de-vlario-dag-2026-in-antwerp-expo\\\/#primaryimage\"},\"thumbnailUrl\":\"https:\\\/\\\/www.deschacht.eu\\\/wp-content\\\/uploads\\\/2026\\\/04\\\/thumb-VLARIO_2026.jpg\",\"datePublished\":\"2026-02-04T09:11:34+00:00\",\"dateModified\":\"2026-07-01T13:30:46+00:00\",\"description\":\"Wij nodigen je uit op de Vlario-dag 2026 in Antwerp Expo. Bezoek onze stand.\",\"breadcrumb\":{\"@id\":\"https:\\\/\\\/www.deschacht.eu\\\/nieuws\\\/wij-nodigen-u-uit-op-de-vlario-dag-2026-in-antwerp-expo\\\/#breadcrumb\"},\"inLanguage\":\"fr-FR\",\"potentialAction\":[{\"@type\":\"ReadAction\",\"target\":[\"https:\\\/\\\/www.deschacht.eu\\\/nieuws\\\/wij-nodigen-u-uit-op-de-vlario-dag-2026-in-antwerp-expo\\\/\"]}]},{\"@type\":\"ImageObject\",\"inLanguage\":\"fr-FR\",\"@id\":\"https:\\\/\\\/www.deschacht.eu\\\/nieuws\\\/wij-nodigen-u-uit-op-de-vlario-dag-2026-in-antwerp-expo\\\/#primaryimage\",\"url\":\"https:\\\/\\\/www.deschacht.eu\\\/wp-content\\\/uploads\\\/2026\\\/04\\\/thumb-VLARIO_2026.jpg\",\"contentUrl\":\"https:\\\/\\\/www.deschacht.eu\\\/wp-content\\\/uploads\\\/2026\\\/04\\\/thumb-VLARIO_2026.jpg\",\"width\":1600,\"height\":1200},{\"@type\":\"BreadcrumbList\",\"@id\":\"https:\\\/\\\/www.deschacht.eu\\\/nieuws\\\/wij-nodigen-u-uit-op-de-vlario-dag-2026-in-antwerp-expo\\\/#breadcrumb\",\"itemListElement\":[{\"@type\":\"ListItem\",\"position\":1,\"name\":\"Home\",\"item\":\"https:\\\/\\\/www.deschacht.eu\\\/\"},{\"@type\":\"ListItem\",\"position\":2,\"name\":\"Wij nodigen u uit op de Vlario-dag 2026 in Antwerp Expo\"}]},{\"@type\":\"WebSite\",\"@id\":\"https:\\\/\\\/www.deschacht.eu\\\/#website\",\"url\":\"https:\\\/\\\/www.deschacht.eu\\\/\",\"name\":\"Deschacht Bouwmaterialen\",\"description\":\"Impact en verandering in de bouwsector.\",\"publisher\":{\"@id\":\"https:\\\/\\\/www.deschacht.eu\\\/#organization\"},\"potentialAction\":[{\"@type\":\"SearchAction\",\"target\":{\"@type\":\"EntryPoint\",\"urlTemplate\":\"https:\\\/\\\/www.deschacht.eu\\\/?s={search_term_string}\"},\"query-input\":{\"@type\":\"PropertyValueSpecification\",\"valueRequired\":true,\"valueName\":\"search_term_string\"}}],\"inLanguage\":\"fr-FR\"},{\"@type\":\"Organization\",\"@id\":\"https:\\\/\\\/www.deschacht.eu\\\/#organization\",\"name\":\"Deschacht Bouwmaterialen\",\"url\":\"https:\\\/\\\/www.deschacht.eu\\\/\",\"logo\":{\"@type\":\"ImageObject\",\"inLanguage\":\"fr-FR\",\"@id\":\"https:\\\/\\\/www.deschacht.eu\\\/#\\\/schema\\\/logo\\\/image\\\/\",\"url\":\"https:\\\/\\\/www.deschacht.eu\\\/wp-content\\\/uploads\\\/2026\\\/03\\\/Deschacht-Logo.svg\",\"contentUrl\":\"https:\\\/\\\/www.deschacht.eu\\\/wp-content\\\/uploads\\\/2026\\\/03\\\/Deschacht-Logo.svg\",\"caption\":\"Deschacht Bouwmaterialen\"},\"image\":{\"@id\":\"https:\\\/\\\/www.deschacht.eu\\\/#\\\/schema\\\/logo\\\/image\\\/\"}},{\"@type\":\"Person\",\"@id\":\"https:\\\/\\\/www.deschacht.eu\\\/#\\\/schema\\\/person\\\/eb65d3846292a4b0d4685e8fada4d592\",\"name\":\"info@webtica.be\",\"image\":{\"@type\":\"ImageObject\",\"inLanguage\":\"fr-FR\",\"@id\":\"https:\\\/\\\/secure.gravatar.com\\\/avatar\\\/c1f1a8e30a7bb9c291578e50748b40dba2259014db833c5f5b25d1ce349f2fe4?s=96&d=mm&r=g\",\"url\":\"https:\\\/\\\/secure.gravatar.com\\\/avatar\\\/c1f1a8e30a7bb9c291578e50748b40dba2259014db833c5f5b25d1ce349f2fe4?s=96&d=mm&r=g\",\"contentUrl\":\"https:\\\/\\\/secure.gravatar.com\\\/avatar\\\/c1f1a8e30a7bb9c291578e50748b40dba2259014db833c5f5b25d1ce349f2fe4?s=96&d=mm&r=g\",\"caption\":\"info@webtica.be\"},\"sameAs\":[\"https:\\\/\\\/www.deschacht.eu\"],\"url\":\"https:\\\/\\\/www.deschacht.eu\\\/fr\\\/nieuws\\\/author\\\/infowebtica-be\\\/\"}]}<\/script>\n<!-- \/ Yoast SEO plugin. -->","yoast_head_json":{"title":"Journ\u00e9e Vlario 2026 \u00e0 Antwerp Expo | Deschacht","description":"Nous vous invitons \u00e0 la journ\u00e9e Vlario 2026 \u00e0 Antwerp Expo. Visitez notre stand.","robots":{"index":"index","follow":"follow","max-snippet":"max-snippet:-1","max-image-preview":"max-image-preview:large","max-video-preview":"max-video-preview:-1"},"canonical":"https:\/\/www.deschacht.eu\/fr\/nouvelles\/nous-vous-invitons-a-la-journee-vlario-2026-a-antwerp-expo\/","og_locale":"fr_FR","og_type":"article","og_title":"Vlario-dag 2026 in Antwerp Expo | Deschacht","og_description":"Wij nodigen je uit op de Vlario-dag 2026 in Antwerp Expo. Bezoek onze stand.","og_url":"https:\/\/www.deschacht.eu\/fr\/nouvelles\/nous-vous-invitons-a-la-journee-vlario-2026-a-antwerp-expo\/","og_site_name":"Deschacht Bouwmaterialen","article_published_time":"2026-02-04T09:11:34+00:00","article_modified_time":"2026-07-01T13:30:46+00:00","og_image":[{"width":1600,"height":1200,"url":"https:\/\/www.deschacht.eu\/wp-content\/uploads\/2026\/04\/thumb-VLARIO_2026.jpg","type":"image\/jpeg"}],"author":"info@webtica.be","twitter_card":"summary_large_image","twitter_misc":{"\u00c9crit par":"info@webtica.be","Dur\u00e9e de lecture estim\u00e9e":"2 minutes"},"schema":{"@context":"https:\/\/schema.org","@graph":[{"@type":"Article","@id":"https:\/\/www.deschacht.eu\/nieuws\/wij-nodigen-u-uit-op-de-vlario-dag-2026-in-antwerp-expo\/#article","isPartOf":{"@id":"https:\/\/www.deschacht.eu\/nieuws\/wij-nodigen-u-uit-op-de-vlario-dag-2026-in-antwerp-expo\/"},"author":{"name":"info@webtica.be","@id":"https:\/\/www.deschacht.eu\/#\/schema\/person\/eb65d3846292a4b0d4685e8fada4d592"},"headline":"Wij nodigen u uit op de Vlario-dag 2026 in Antwerp Expo","datePublished":"2026-02-04T09:11:34+00:00","dateModified":"2026-07-01T13:30:46+00:00","mainEntityOfPage":{"@id":"https:\/\/www.deschacht.eu\/nieuws\/wij-nodigen-u-uit-op-de-vlario-dag-2026-in-antwerp-expo\/"},"wordCount":143,"commentCount":0,"publisher":{"@id":"https:\/\/www.deschacht.eu\/#organization"},"image":{"@id":"https:\/\/www.deschacht.eu\/nieuws\/wij-nodigen-u-uit-op-de-vlario-dag-2026-in-antwerp-expo\/#primaryimage"},"thumbnailUrl":"https:\/\/www.deschacht.eu\/wp-content\/uploads\/2026\/04\/thumb-VLARIO_2026.jpg","articleSection":["Nieuws"],"inLanguage":"fr-FR","potentialAction":[{"@type":"CommentAction","name":"Comment","target":["https:\/\/www.deschacht.eu\/nieuws\/wij-nodigen-u-uit-op-de-vlario-dag-2026-in-antwerp-expo\/#respond"]}]},{"@type":"WebPage","@id":"https:\/\/www.deschacht.eu\/nieuws\/wij-nodigen-u-uit-op-de-vlario-dag-2026-in-antwerp-expo\/","url":"https:\/\/www.deschacht.eu\/nieuws\/wij-nodigen-u-uit-op-de-vlario-dag-2026-in-antwerp-expo\/","name":"Journ\u00e9e Vlario 2026 \u00e0 Antwerp Expo | Deschacht","isPartOf":{"@id":"https:\/\/www.deschacht.eu\/#website"},"primaryImageOfPage":{"@id":"https:\/\/www.deschacht.eu\/nieuws\/wij-nodigen-u-uit-op-de-vlario-dag-2026-in-antwerp-expo\/#primaryimage"},"image":{"@id":"https:\/\/www.deschacht.eu\/nieuws\/wij-nodigen-u-uit-op-de-vlario-dag-2026-in-antwerp-expo\/#primaryimage"},"thumbnailUrl":"https:\/\/www.deschacht.eu\/wp-content\/uploads\/2026\/04\/thumb-VLARIO_2026.jpg","datePublished":"2026-02-04T09:11:34+00:00","dateModified":"2026-07-01T13:30:46+00:00","description":"Nous vous invitons \u00e0 la journ\u00e9e Vlario 2026 \u00e0 Antwerp Expo. Visitez notre stand.","breadcrumb":{"@id":"https:\/\/www.deschacht.eu\/nieuws\/wij-nodigen-u-uit-op-de-vlario-dag-2026-in-antwerp-expo\/#breadcrumb"},"inLanguage":"fr-FR","potentialAction":[{"@type":"ReadAction","target":["https:\/\/www.deschacht.eu\/nieuws\/wij-nodigen-u-uit-op-de-vlario-dag-2026-in-antwerp-expo\/"]}]},{"@type":"ImageObject","inLanguage":"fr-FR","@id":"https:\/\/www.deschacht.eu\/nieuws\/wij-nodigen-u-uit-op-de-vlario-dag-2026-in-antwerp-expo\/#primaryimage","url":"https:\/\/www.deschacht.eu\/wp-content\/uploads\/2026\/04\/thumb-VLARIO_2026.jpg","contentUrl":"https:\/\/www.deschacht.eu\/wp-content\/uploads\/2026\/04\/thumb-VLARIO_2026.jpg","width":1600,"height":1200},{"@type":"BreadcrumbList","@id":"https:\/\/www.deschacht.eu\/nieuws\/wij-nodigen-u-uit-op-de-vlario-dag-2026-in-antwerp-expo\/#breadcrumb","itemListElement":[{"@type":"ListItem","position":1,"name":"Home","item":"https:\/\/www.deschacht.eu\/"},{"@type":"ListItem","position":2,"name":"Wij nodigen u uit op de Vlario-dag 2026 in Antwerp Expo"}]},{"@type":"WebSite","@id":"https:\/\/www.deschacht.eu\/#website","url":"https:\/\/www.deschacht.eu\/","name":"Deschacht Mat\u00e9riaux de construction","description":"Impact et changement dans le secteur de la construction.","publisher":{"@id":"https:\/\/www.deschacht.eu\/#organization"},"potentialAction":[{"@type":"SearchAction","target":{"@type":"EntryPoint","urlTemplate":"https:\/\/www.deschacht.eu\/?s={search_term_string}"},"query-input":{"@type":"PropertyValueSpecification","valueRequired":true,"valueName":"search_term_string"}}],"inLanguage":"fr-FR"},{"@type":"Organization","@id":"https:\/\/www.deschacht.eu\/#organization","name":"Deschacht Mat\u00e9riaux de construction","url":"https:\/\/www.deschacht.eu\/","logo":{"@type":"ImageObject","inLanguage":"fr-FR","@id":"https:\/\/www.deschacht.eu\/#\/schema\/logo\/image\/","url":"https:\/\/www.deschacht.eu\/wp-content\/uploads\/2026\/03\/Deschacht-Logo.svg","contentUrl":"https:\/\/www.deschacht.eu\/wp-content\/uploads\/2026\/03\/Deschacht-Logo.svg","caption":"Deschacht Bouwmaterialen"},"image":{"@id":"https:\/\/www.deschacht.eu\/#\/schema\/logo\/image\/"}},{"@type":"Person","@id":"https:\/\/www.deschacht.eu\/#\/schema\/person\/eb65d3846292a4b0d4685e8fada4d592","name":"info@webtica.be","image":{"@type":"ImageObject","inLanguage":"fr-FR","@id":"https:\/\/secure.gravatar.com\/avatar\/c1f1a8e30a7bb9c291578e50748b40dba2259014db833c5f5b25d1ce349f2fe4?s=96&d=mm&r=g","url":"https:\/\/secure.gravatar.com\/avatar\/c1f1a8e30a7bb9c291578e50748b40dba2259014db833c5f5b25d1ce349f2fe4?s=96&d=mm&r=g","contentUrl":"https:\/\/secure.gravatar.com\/avatar\/c1f1a8e30a7bb9c291578e50748b40dba2259014db833c5f5b25d1ce349f2fe4?s=96&d=mm&r=g","caption":"info@webtica.be"},"sameAs":["https:\/\/www.deschacht.eu"],"url":"https:\/\/www.deschacht.eu\/fr\/nieuws\/author\/infowebtica-be\/"}]}},"_links":{"self":[{"href":"https:\/\/www.deschacht.eu\/fr\/wp-json\/wp\/v2\/posts\/1102","targetHints":{"allow":["GET"]}}],"collection":[{"href":"https:\/\/www.deschacht.eu\/fr\/wp-json\/wp\/v2\/posts"}],"about":[{"href":"https:\/\/www.deschacht.eu\/fr\/wp-json\/wp\/v2\/types\/post"}],"author":[{"embeddable":true,"href":"https:\/\/www.deschacht.eu\/fr\/wp-json\/wp\/v2\/users\/1"}],"replies":[{"embeddable":true,"href":"https:\/\/www.deschacht.eu\/fr\/wp-json\/wp\/v2\/comments?post=1102"}],"version-history":[{"count":0,"href":"https:\/\/www.deschacht.eu\/fr\/wp-json\/wp\/v2\/posts\/1102\/revisions"}],"wp:featuredmedia":[{"embeddable":true,"href":"https:\/\/www.deschacht.eu\/fr\/wp-json\/wp\/v2\/media\/1103"}],"wp:attachment":[{"href":"https:\/\/www.deschacht.eu\/fr\/wp-json\/wp\/v2\/media?parent=1102"}],"wp:term":[{"taxonomy":"category","embeddable":true,"href":"https:\/\/www.deschacht.eu\/fr\/wp-json\/wp\/v2\/categories?post=1102"},{"taxonomy":"post_tag","embeddable":true,"href":"https:\/\/www.deschacht.eu\/fr\/wp-json\/wp\/v2\/tags?post=1102"}],"curies":[{"name":"bien jou\u00e9","href":"https:\/\/api.w.org\/{rel}","templated":true}]}}